{"id":32,"date":"2020-01-24T00:00:00","date_gmt":"2020-01-23T23:00:00","guid":{"rendered":"http:\/\/avarmor.fr\/?p=32"},"modified":"2020-01-24T00:16:05","modified_gmt":"2020-01-23T23:16:05","slug":"mais-pourquoi-cri-de-lormeau","status":"publish","type":"post","link":"https:\/\/avarmor.fr\/?p=32","title":{"rendered":"Mais pourquoi \u00ab Cri de l\u2019Ormeau \u00bb ?"},"content":{"rendered":"\n<p><em>Maintenant que j&rsquo;ai pris ma retraite du <\/em>Cri de l&rsquo;Ormeau<em>, magazine d&rsquo;information culturelle des C\u00f4tes d&rsquo;Armor, que j&rsquo;ai cr\u00e9\u00e9 il y a 20 ans (juin 1999), je vais enfin vous r\u00e9v\u00e9ler pourquoi je l&rsquo;ai d\u00e9nomm\u00e9 ainsi.<\/em> <\/p>\n\n\n\n<p>Janvier 1998, Strasbourg Schiltigheim<br>&#8211;&nbsp;Patrice&nbsp;: Alors, on va passer de l\u2019accent alsacien \u00e0 l\u2019accent m\u00e9ridional&nbsp;? On va \u00e0 Castres&nbsp;? <br>&#8211;&nbsp;Marie-Jo&nbsp;: Non, on va \u00e0 St-Brieuc. <br> &#8211;&nbsp;Patrice&nbsp;: Mais y\u2019a pas d\u2019accent breton. <br>&#8211;&nbsp;Marie-Jo&nbsp;: Si, bien s\u00fbr.   <!--more--><br>&#8211;&nbsp;Patrice&nbsp;: Quand le minist\u00e8re te disait que tu allais changer d\u2019accent, je pensais que \u00e7a voulait dire que tu serais mut\u00e9e dans le Sud. <br>&#8211;&nbsp;Marie-Jo&nbsp;: Eh bien on s\u2019est tromp\u00e9s. On ne va pas se rapprocher de ma s\u0153ur mais de nos amis de Plourivo. <br>&#8211;&nbsp;Patrice&nbsp;: Faut que je m\u2019assoie, j\u2019ai les jambes qui flageolent. <br>&#8211;&nbsp;Marie-Jo&nbsp;: On a voulu partir, maintenant c\u2019est fait. <br>&#8211;&nbsp;Patrice&nbsp;: Passer au Nord au Sud \u00e7a nous aurait fait un beau changement. Mais passer de l\u2019Est \u00e0 l\u2019Ouest \u00e7a nous en fera aussi un grand, c\u2019est s\u00fbr. <br>&#8211;&nbsp;Marie-Jo&nbsp;: Qu\u2019est-ce que tu vas bien pouvoir trouver \u00e0 faire l\u00e0-bas&nbsp;? <br>&#8211;&nbsp;Patrice&nbsp;: Je trouverai, t\u2019en fais pas. Et toi, tu auras peut-\u00eatre d\u2019autres types de cas \u00e0 juger. Des contrebandiers d\u2019ormeaux par exemple. <br>&#8211;&nbsp;Marie-Jo&nbsp;: C\u2019est quoi des ormeaux&nbsp;? <br>&#8211;&nbsp;Patrice&nbsp;: Je crois que c\u2019est une sorte de coquillage de la Manche, excellent mais devenu rare, une esp\u00e8ce prot\u00e9g\u00e9e, et bien s\u00fbr \u00e7a attire les braconniers. <br>&#8211;&nbsp;Marie-Jo&nbsp;: Et pourquoi pas aussi les trafiquants de cr\u00eapes, de binious, des mar\u00e9es noires&nbsp;? <br>&#8211;&nbsp;Patrice&nbsp;: On va se retrouver dans une r\u00e9gion compl\u00e8tement exotique pour nous. Ca sera aussi fort que d\u2019aller au B\u00e9loutchistan ou en Patagonie. <br>&#8211;&nbsp;Marie-Jo&nbsp;: Toujours ton sens de l\u2019exag\u00e9ration&nbsp;! M\u00eame pas dr\u00f4le. <br>&#8211;&nbsp;Patrice&nbsp;: Un exotisme occidental qui va nous bouleverser mais \u00e7a nous fera du bien. Ca fait un peu peur. Et l\u00e0 je n\u2019exag\u00e8re pas. <br>&#8211;&nbsp;Marie-Jo&nbsp;: Je ne sais pas comment les enfants vont prendre \u00e7a. Je suis inqui\u00e8te. <br>&#8211;&nbsp;Patrice&nbsp;: Ca fait 20 ans qu\u2019on va souvent l\u00e0-bas en vacances, chez Armand et Cathy. Les enfants connaissent d\u00e9j\u00e0 un peu le coin. <br>&#8211;&nbsp;Marie-Jo&nbsp;: Oui. C\u2019est m\u00eame pour \u00e7a que j\u2019ai demand\u00e9 soit Castres pour \u00eatre proches de ma s\u0153ur, soit St-Brieuc pour \u00eatre proches d\u2019eux. Dans les deux cas, pour avoir d\u00e9j\u00e0 un petit fonds de roulement d\u2019amis dans notre nouveau territoire. <\/p>\n\n\n\n<p>Juin 1998<br>&#8211;&nbsp;Marie-Jo&nbsp;: Tu vas d\u00e9j\u00e0 aller une semaine seul \u00e0 St-Brieuc prospecter pour une maison, et je te rejoins pour une 2\u00e8 semaine. Si on n\u2019arrive pas \u00e0 trouver une maison \u00e0 acheter l\u00e0, on ira en location le temps de trouver. Faut qu\u2019on d\u00e9m\u00e9nage \u00e0 la mi-ao\u00fbt. C\u2019est court. <br>&#8211;&nbsp;A vos ordres, chef&nbsp;! <\/p>\n\n\n\n<p>Quelques jours plus tard, St-Brieuc. <br>&#8211;&nbsp;Patrice&nbsp;: J\u2019ai visit\u00e9 pas mal de maisons, je suis carr\u00e9ment \u00e0 plein temps avec des agences immobili\u00e8res. Je n\u2019ai eu aucun coup de foudre. Tu verras, les maisons sont bien moins ch\u00e8res qu\u2019\u00e0 Strasbourg. Maintenant que tu es l\u00e0, on va en revoir certaines et chercher encore. Ca m\u2019\u00e9tonnerait qu\u2019on trouve en si peu de temps. <\/p>\n\n\n\n<p>Promenade \u00e0 la pointe du Roselier. <br>Il fait beau, la lumi\u00e8re est belle sur cette baie, qui est la 5\u00e8 plus grande baie du monde, mais nous ne le savons pas encore.<br>&#8211;&nbsp;Marie-Jo&nbsp;: Dire qu\u2019on va maintenant vivre dans ce pays si beau&nbsp;! Ca m\u2019\u00e9meut. <br>&#8211;&nbsp;Patrice&nbsp;: C\u2019est dans cette mer qu\u2019il doit y avoir des ormeaux et des braconniers \u00e0 leurs trousses. <br>&#8211;&nbsp;Marie-Jo&nbsp;: Tu fais une fixation&nbsp;! <\/p>\n\n\n\n<p>Dernier vendredi. <br>&#8211;&nbsp;Marie-Jo&nbsp;: Bon, on n\u2019a rien trouv\u00e9 qui nous convienne, va falloir aller en location. <br>&#8211;&nbsp;Patrice&nbsp;: Il y a cette dame de l\u2019agence, qui nous a d\u00e9j\u00e0 montr\u00e9 des maisons, qui commence \u00e0 bien conna\u00eetre nos go\u00fbts. Elle veut encore nous en montrer une derni\u00e8re avant qu\u2019on reparte. C\u2019est une maison qui a \u00e9t\u00e9 \u00e0 vendre mais qui ne l\u2019est plus. Ca ne sert donc \u00e0 rien d\u2019y aller, mais allons-y quand m\u00eame. <br>&#8230; <br>Et l\u00e0 c\u2019est le coup de c\u0153ur pour cette maison de la derni\u00e8re chance. Une maison d\u2019o\u00f9 on voit la mer&nbsp;! <br>&#8211;&nbsp;Dame de l\u2019agence&nbsp;: Madame Machin, je sais que vous avez retir\u00e9 votre maison de la vente, mais je m\u2019en suis souvenue, et j\u2019ai pens\u00e9 qu\u2019elle pourrait int\u00e9resser M et Mme Verdure. <br>&#8211;&nbsp;Mme Machin&nbsp;: Oui effectivement, mon mari et moi ne serons en retraite que dans un an, et nous nous retirerons dans notre maison du Finist\u00e8re. On a pens\u00e9 que c\u2019\u00e9tait mieux d\u2019attendre. <br>&#8211;&nbsp;Dame de l\u2019agence&nbsp;: M et Mme Verdure semblent tr\u00e8s int\u00e9ress\u00e9s par votre maison. Il y a pour vous une belle occasion de la vendre, et c\u2019est une opportunit\u00e9 \u00e0 saisir. Si vous acceptez, je peux vous proposer sans probl\u00e8me une location dans le quartier pendant les quelques mois qui vous restent. <br>&#8211;&nbsp;Mme Machin&nbsp;: Eh bien \u00e9coutez, c\u2019est d\u2019accord, vous pouvez l\u2019avoir. Ca sera r\u00e9gl\u00e9 pour votre d\u00e9m\u00e9nagement \u00e0 la mi-ao\u00fbt. C\u2019est mon mari qui va \u00eatre surpris en rentrant ce soir quand je lui direz \u00ab&nbsp;Ch\u00e9ri, j\u2019ai vendu la maison&nbsp;\u00bb&nbsp;! <\/p>\n\n\n\n<p>On a de la chance. On a vendu notre appartement \u00e0 Schiltigheim en 2 jours, et r\u00e9ussi \u00e0 acheter une maison ici en 2 semaines, pour \u00e0 peu pr\u00e8s le m\u00eame prix&nbsp;! Il faut croire que notre choix de derni\u00e8re limite \u00e9tait plut\u00f4t bon, 21 ans plus tard on y habitait encore. <\/p>\n\n\n\n<p>18 ao\u00fbt 1998<br>Je quitte Strasbourg 25 ans jour pour jour apr\u00e8s y \u00eatre arriv\u00e9, et vais emm\u00e9nager \u00e0 St-Brieuc. Je suis accompagn\u00e9 par mes 2 enfants et un copain qui va nous aider \u00e0 faire quelques travaux dans la nouvelle maison, en attendant que Marie-Jo arrive une semaine plus tard avec Myriam et le camion de d\u00e9m\u00e9nagement. <\/p>\n\n\n\n<p>Septembre 1998<br>Marie-Jo est juge des enfants au tribunal de St-Brieuc. Ses conditions de travail sont tr\u00e8s dures. <br>Moi je m\u2019immerge dans mon nouveau territoire, sillonne tous les bords de mer, vais \u00e0 la p\u00eache \u00e0 pieds. Me disant que je ne pourrai travailler que dans le domaine culturel, puisque je ne connais pas autre chose, je me documente, et vais rencontrer divers acteurs culturels du coin. Je rencontre Didier Le Buhan, adjoint \u00e0 la culture de St-Brieuc, Marie-Christine Dur\u00e9ault-Thom\u00e9r\u00e9, directrice de l\u2019ADDM, Olivier Couqueberg, directeur de l\u2019ODDC, Marie-Lise Le Gac, directrice de la MJC du Point-du-Jour, qui organise pas mal de concerts, Laurence Poteaux, pr\u00e9sidente de l\u2019association Jazz Angle. Je vais adh\u00e9rer \u00e0 Jazz Angle, constatant que l\u2019action jazz en C\u00f4tes d\u2019Armor est assez limit\u00e9e et qu\u2019il serait int\u00e9ressant de la dynamiser. Ca pourrait \u00e9ventuellement d\u00e9boucher plus tard par un travail r\u00e9mun\u00e9r\u00e9. J\u2019adh\u00e8re \u00e9galement \u00e0 l\u2019asso du Grand L\u00e9jon, le magnifique vieux gr\u00e9ement du port du L\u00e9gu\u00e9. Ca, c\u2019est un \u00e9l\u00e9ment de mon immersion dans cet exotisme occidental qui me fait tellement d\u2019effet. D\u2019autres moments \u00ab&nbsp;exotiques&nbsp;\u00bb forts ont eu lieu dans ces premi\u00e8res semaines&nbsp;: le m\u00e9ga fest-noz des 30 ans de sc\u00e8ne des fr\u00e8res Morvan en Centre-Bretagne, une sortie en mer sur le Sant-Gireg, vieux gr\u00e9ement de Perros-Guirec, des soir\u00e9es avec R\u00e9my Martin \u00e0 l\u2019accord\u00e9on diatonique&#8230; <br>Il semblerait qu\u2019il se passe beaucoup plus d\u2019activit\u00e9 culturelle dans ce coin que je ne l\u2019imaginais. Il existe bien un petit fascicule agenda culturel, sorte de listing photocopi\u00e9 mal foutu, qui s\u2019appelle <em>Art et spectacle<\/em>. J\u2019ai bien connu \u00e0 Strasbourg l\u2019exemple de <em>Hebdoscope<\/em>, hebdomadaire d\u2019information culturelle du Bas-Rhin. Il me vient \u00e0 l\u2019esprit que \u00e7a pourrait \u00eatre une bonne id\u00e9e de faire un machin dans le genre par ici, le <em>Art et spectacle<\/em> qui existe \u00e9tant vraiment faiblard. En janvier 1999, je commence vraiment \u00e0 travailler sur cette id\u00e9e, \u00e0 pondre un concept. Je cr\u00e9e sur mon ordi une maquette de ce que \u00e7a pourrait \u00eatre. Je cr\u00e9e m\u00eame carr\u00e9ment une maquette de site Internet. J\u2019ai en effet \u00e9t\u00e9 tr\u00e8s t\u00f4t sensibilis\u00e9 \u00e0 Internet, ayant cr\u00e9\u00e9 \u00e0 Strasbourg un site r\u00e9pertoire des musiques actuelles en Alsace en 1995, \u00e9poque o\u00f9 il n\u2019existait peut-\u00eatre que 5 sites Internet en Alsace. J\u2019avais appris \u00e0 faire \u00e7a en autodidacte avec un bouquin d\u2019initiation. Je commence \u00e0 faire savoir dans le milieu culturel que j\u2019ai cette intention. <br>Mon agenda culturel, j\u2019avais pens\u00e9 l\u2019appeler <em>Art Spec<\/em>, ce qui m\u2019amusait en faisant un jeu de mots avec <em>Lard Speck<\/em>, Speck voulant dire Lard en alsacien, jeu de mots que personne d\u2019autre que moi n\u2019aurait capt\u00e9. Quand la responsable de <em>Art et spectacle<\/em> apprend le nom que j\u2019envisage, <em>Art Spec<\/em>, elle me demande de trouver autre chose, pour qu\u2019on ne confonde pas avec son \u00ab&nbsp;fanzine&nbsp;\u00bb. Soit. Quelle chance qu\u2019elle m\u2019ait fait cette demande&nbsp;! Ce titre aurait \u00e9t\u00e9 bien faible, il y avait mieux \u00e0 trouver. <em>Art Spec<\/em> va n\u00e9anmoins servir \u00e0 d\u00e9nommer l\u2019association qui va \u00eatre cr\u00e9\u00e9e d\u00e8s mars pour porter le projet, mont\u00e9e en compagnie d\u2019Armand et Cathy. <\/p>\n\n\n\n<p>Un jour de f\u00e9vrier, je me prom\u00e8ne seul \u00e0 la pointe du Roselier. Je suis en auto-brain-storming, r\u00e9fl\u00e9chissant \u00e0 mon projet, lui cherchant un nouveau nom. Devant ce lieu magique tellement magnifique qui nous a \u00e9mus quand nous l\u2019ont d\u00e9couvert, \u00e9mu je le suis encore. Un bruit de fond complexe et harmonieux inonde l\u2019espace sonore du cap et mes oreilles&nbsp;: le vent, les arbres, les vagues, les bateaux, les balises, les dauphins, les poissons, les moules, les ormeaux&nbsp;? Tiens, c\u2019est vrai, je me souviens que cette immensit\u00e9 renferme une esp\u00e8ce prot\u00e9g\u00e9e en voie de disparition, sur laquelle j\u2019ai fantasm\u00e9, l\u2019ormeau. <br>&#8230; Le chant de l\u2019ormeau&#8230; une belle id\u00e9e, non, encore mieux, le cri de l\u2019ormeau.  Dans le cri, il y a une intensit\u00e9 dramatique, une manifestation spectaculaire qui interpelle, un appel \u00e0 l\u2019attention. L\u2019ormeau crie pour qu\u2019on fasse attention \u00e0 sa survie. Ca peut para\u00eetre dramatique de pr\u00e9senter les choses comme \u00e7a, mais il ne faut pas dramatiser, \u00e7a ferait fuir des lecteurs f\u00e9rus d\u2019art et de culture et pas n\u00e9cessairement en recherche de drame. Dans \u00ab&nbsp;cri de l\u2019ormeau&nbsp;\u00bb, il y a de la force, de l\u2019originalit\u00e9, de la non-\u00e9vidence, de la Bretagne. C\u2019\u00e9tait un pari pas \u00e9vident, mais j\u2019aime bien les d\u00e9fis, et ne pas suivre les conseils qu\u2019on me donne. D\u2019ailleurs m\u2019a-t-on donn\u00e9 le conseil de trouver un autre titre&nbsp;? Je ne crois pas. Quand je l\u2019ai annonc\u00e9 \u00e0 Marie-Jo, je ne me souviens pas de sa r\u00e9action, d\u2019un enthousiasme peu probable. Quand je l\u2019ai dit \u00e0 Armand, il a trouv\u00e9 \u00ab&nbsp;L\u2019ormeau c\u2019est aussi un arbre, un jeune orme, qui \u00e9tait courant en Bretagne jusqu\u2019\u00e0 ce que la maladie de la graphiose le d\u00e9cime. Lui aussi il peut crier pour sa survie&nbsp;\u00bb. G\u00e9nial&nbsp;! Merci Armand. Sans le faire expr\u00e8s, gr\u00e2ce au nom de ces deux esp\u00e8ces homonymes, le <em>Cri de l\u2019Ormeau<\/em> va ainsi montrer qu\u2019il s\u2019int\u00e9resse aux deux aspects de la Bretagne, l\u2019Armor du littoral et l\u2019Argoat des terres. Banco&nbsp;! Quand on ne me demandera plus depuis quand je m\u2019int\u00e9resse \u00e0 la conchyliculture au point d\u2019en cr\u00e9er un magazine, le pari sera gagn\u00e9. Par contre, ce qu\u2019on me demandera toujours au fil des d\u00e9cennies c\u2019est \u00ab&nbsp;Mais comment \u00e7a crie un ormeau&nbsp;?&nbsp;\u00bb.<\/p>\n","protected":false},"excerpt":{"rendered":"<p>Maintenant que j&rsquo;ai pris ma retraite du Cri de l&rsquo;Ormeau, magazine d&rsquo;information culturelle des C\u00f4tes d&rsquo;Armor, que j&rsquo;ai cr\u00e9\u00e9 il y a 20 ans (juin 1999), je vais enfin vous r\u00e9v\u00e9ler pourquoi je l&rsquo;ai d\u00e9nomm\u00e9 ainsi. Janvier 1998, Strasbourg Schiltigheim&#8211;&nbsp;Patrice&nbsp;: Alors, on va passer de l\u2019accent alsacien \u00e0 l\u2019accent m\u00e9ridional&nbsp;? On va \u00e0 Castres&nbsp;? &#8211;&nbsp;Marie-Jo&nbsp;: &hellip; <a href=\"https:\/\/avarmor.fr\/?p=32\" class=\"more-link\">Continuer la lecture<span class=\"screen-reader-text\"> de &laquo;&nbsp;Mais pourquoi \u00ab Cri de l\u2019Ormeau \u00bb ?&nbsp;&raquo;<\/span><\/a><\/p>\n","protected":false},"author":1,"featured_media":0,"comment_status":"open","ping_status":"closed","sticky":false,"template":"","format":"standard","meta":{"footnotes":""},"categories":[8],"tags":[],"class_list":["post-32","post","type-post","status-publish","format-standard","hentry","category-reflexions"],"_links":{"self":[{"href":"https:\/\/avarmor.fr\/index.php?rest_route=\/wp\/v2\/posts\/32","targetHints":{"allow":["GET"]}}],"collection":[{"href":"https:\/\/avarmor.fr\/index.php?rest_route=\/wp\/v2\/posts"}],"about":[{"href":"https:\/\/avarmor.fr\/index.php?rest_route=\/wp\/v2\/types\/post"}],"author":[{"embeddable":true,"href":"https:\/\/avarmor.fr\/index.php?rest_route=\/wp\/v2\/users\/1"}],"replies":[{"embeddable":true,"href":"https:\/\/avarmor.fr\/index.php?rest_route=%2Fwp%2Fv2%2Fcomments&post=32"}],"version-history":[{"count":21,"href":"https:\/\/avarmor.fr\/index.php?rest_route=\/wp\/v2\/posts\/32\/revisions"}],"predecessor-version":[{"id":140,"href":"https:\/\/avarmor.fr\/index.php?rest_route=\/wp\/v2\/posts\/32\/revisions\/140"}],"wp:attachment":[{"href":"https:\/\/avarmor.fr\/index.php?rest_route=%2Fwp%2Fv2%2Fmedia&parent=32"}],"wp:term":[{"taxonomy":"category","embeddable":true,"href":"https:\/\/avarmor.fr\/index.php?rest_route=%2Fwp%2Fv2%2Fcategories&post=32"},{"taxonomy":"post_tag","embeddable":true,"href":"https:\/\/avarmor.fr\/index.php?rest_route=%2Fwp%2Fv2%2Ftags&post=32"}],"curies":[{"name":"wp","href":"https:\/\/api.w.org\/{rel}","templated":true}]}}