{"id":299,"date":"2020-03-25T11:00:33","date_gmt":"2020-03-25T10:00:33","guid":{"rendered":"http:\/\/avarmor.fr\/?p=299"},"modified":"2020-03-25T11:11:51","modified_gmt":"2020-03-25T10:11:51","slug":"uderzo-a-saint-brieuc","status":"publish","type":"post","link":"https:\/\/avarmor.fr\/?p=299","title":{"rendered":"Uderzo \u00e0 Saint-Brieuc"},"content":{"rendered":"\n<p><em>Sachant qu\u2019Albert Uderzo, d\u00e9c\u00e9d\u00e9 le 24 mars 2020, avait v\u00e9cu quelque temps \u00e0 St-Brieuc pendant la guerre, je me suis permis de l\u2019utiliser dans mon roman <strong><a href=\"https:\/\/www.facebook.com\/lesemblant\/\">Le Semblant<\/a><\/strong> (en librairie depuis le 25 juin 2019). J\u2019ai imagin\u00e9 qu\u2019il y avait rencontr\u00e9 Louis Guilloux et Albert Camus. <\/em><\/p>\n\n\n\n<p>(&#8230;)<br>&#8211; Uderzo : Alors \u00e7a c\u2019est extraordinaire ! Je me retrouve \u00e0 un repas en compagnie de Louis Guilloux et Albert Camus ! On ne me croira pas \u00e0 Paris ! <br>&#8211; Guilloux : Remettez-vous mon cher ! Ce sera peut-\u00eatre nous un jour qui serons honor\u00e9s de vous avoir connu. Albert, sais-tu que ce jeune homme a un grand talent de dessinateur ? Je lui pr\u00e9dis un bel avenir. Quel \u00e2ge avez-vous ? <br><!--more-->&#8211; Uderzo : Bient\u00f4t 20 ans. <br>&#8211; Camus : Vous n\u2019\u00eates pas briochin ? <br>&#8211; Uderzo : Non, mais pendant la guerre j\u2019ai \u00e9t\u00e9 r\u00e9fugi\u00e9 quelque temps au Cap d\u2019Erquy avec mes parents. Ces jours-ci je suis revenu voir ce lieu, vraiment magnifique, m\u00eame si attach\u00e9 pour moi \u00e0 des souvenirs douloureux. C\u2019est l\u00e0 que j\u2019ai rencontr\u00e9 Louis qui s\u2019y promenait en famille. Il a eu l\u2019amabilit\u00e9 de m\u2019inviter chez lui ce soir, me disant qu\u2019il y aurait un invit\u00e9 surprise. Et quelle surprise ! Je suis impatient de lire votre prochain livre. Sur quoi travaillez-vous en ce moment ? <br>&#8211; Camus : Un roman qui s\u2019appellera <em>La Peste<\/em>. <br>&#8211; Uderzo : Sympa comme titre ! <br>&#8211; Camus : \u00c7a sent bon l\u2019optimisme et la joie de vivre, hein ? Notre ami Louis m\u2019aide beaucoup dans ce travail. Je lui ai fait lire le texte en cours, et il m\u2019a \u00e9crit une lettre pleine d\u2019avis fort int\u00e9ressants dont j\u2019ai tenu compte pour la plupart. <br>&#8211; Guilloux : En contrepartie, Albert m\u2019aide beaucoup dans la r\u00e9daction de mon prochain livre, qui s\u2019appellera peut-\u00eatre <em>Le Jeu de Patience<\/em>. <br>(&#8230;) <\/p>\n\n\n\n<p>&#8211; Camus : Moi, je suis vraiment nul en dessin. Mais j\u2019aime beaucoup cet art, car c\u2019en est vraiment un. Il peut y avoir une telle expressivit\u00e9 dans une caricature. Je place \u00e7a entre la litt\u00e9rature et le cin\u00e9ma. Je pense que la bande dessin\u00e9e est un art qui va beaucoup se d\u00e9velopper. \u00c7a pourrait \u00eatre une id\u00e9e pour vous. <br>&#8211; Uderzo : J\u2019ai d\u00e9j\u00e0 un peu commenc\u00e9. Je suis fascin\u00e9 par les histoires dessin\u00e9es depuis ma plus tendre enfance. C\u2019est comme si j\u2019\u00e9tais tomb\u00e9 dedans tout petit. <br>&#8211; Camus : Jolie expression ! Je vous conseille de la noter. <br>&#8211; Uderzo : Le succ\u00e8s est encore loin. J\u2019ai cr\u00e9\u00e9 r\u00e9cemment un personnage qui s\u2019appelle Clopinard, mais il ne me pla\u00eet pas trop. Et puis je n\u2019ai pas beaucoup d\u2019inspiration d\u2019histoires \u00e0 raconter. En plus je suis daltonien, je ne peux m\u00eame pas coloriser moi-m\u00eame. <br>&#8211; Camus : Vous devriez travailler avec un raconteur d\u2019histoires, et vous en feriez l\u2019illustration. \u00c7a m\u2019aurait plu d\u2019\u00eatre sc\u00e9nariste de ce genre d\u2019histoire, mais je ne suis pas vraiment parti pour \u00e7a. <br>&#8211; Uderzo : C\u2019est encore possible. Quand vous voulez, je suis preneur.<\/p>\n\n\n\n<p>(&#8230;)<\/p>\n\n\n\n<p>1959, Paris<br>Albert Uderzo, dessinateur, et son coll\u00e8gue Ren\u00e9 Goscinny, raconteur d\u2019histoires, cherchent une id\u00e9e de BD. <br>&#8211; Tu sais qu\u2019Albert Camus, qui a eu le prix Nobel en 57, avait eu envie d\u2019\u00eatre sc\u00e9nariste de BD ? Je l\u2019ai rencontr\u00e9 une fois chez Louis Guilloux \u00e0 Saint-Brieuc, quand j\u2019\u00e9tais jeune, et il m\u2019avait dit \u00e7a. Tiens, je me rappelle que j\u2019avais fait quelques dessins ce soir-l\u00e0, un Gaulois un peu balourd, qui s\u2019appelait, comment d\u00e9j\u00e0&#8230; Jobalix ? \u00bb. <br>De leur bureau, ils aper\u00e7oivent l\u2019ob\u00e9lisque de la place de la Concorde. <br>&#8211; Ob\u00e9lix, pendant que tu y es ! Et on pourrait lui rajouter un petit maigrichon&#8230; <br>&#8211; Et on situerait \u00e7a plut\u00f4t \u00e0 l\u2019\u00e9poque de Jules C\u00e9sar, \u00e7a sera plus parlant pour les lecteurs. G\u00e9ographiquement, je serais assez inspir\u00e9 par un magnifique cap que je connais, qui donne sur la Manche, le cap d\u2019Erquy.<br>(&#8230;)<\/p>\n","protected":false},"excerpt":{"rendered":"<p>Sachant qu\u2019Albert Uderzo, d\u00e9c\u00e9d\u00e9 le 24 mars 2020, avait v\u00e9cu quelque temps \u00e0 St-Brieuc pendant la guerre, je me suis permis de l\u2019utiliser dans mon roman Le Semblant (en librairie depuis le 25 juin 2019). J\u2019ai imagin\u00e9 qu\u2019il y avait rencontr\u00e9 Louis Guilloux et Albert Camus. (&#8230;)&#8211; Uderzo : Alors \u00e7a c\u2019est extraordinaire ! Je &hellip; <a href=\"https:\/\/avarmor.fr\/?p=299\" class=\"more-link\">Continuer la lecture<span class=\"screen-reader-text\"> de &laquo;&nbsp;Uderzo \u00e0 Saint-Brieuc&nbsp;&raquo;<\/span><\/a><\/p>\n","protected":false},"author":1,"featured_media":0,"comment_status":"open","ping_status":"closed","sticky":false,"template":"","format":"standard","meta":{"footnotes":""},"categories":[4,5],"tags":[],"class_list":["post-299","post","type-post","status-publish","format-standard","hentry","category-chroniques","category-idees"],"_links":{"self":[{"href":"https:\/\/avarmor.fr\/index.php?rest_route=\/wp\/v2\/posts\/299","targetHints":{"allow":["GET"]}}],"collection":[{"href":"https:\/\/avarmor.fr\/index.php?rest_route=\/wp\/v2\/posts"}],"about":[{"href":"https:\/\/avarmor.fr\/index.php?rest_route=\/wp\/v2\/types\/post"}],"author":[{"embeddable":true,"href":"https:\/\/avarmor.fr\/index.php?rest_route=\/wp\/v2\/users\/1"}],"replies":[{"embeddable":true,"href":"https:\/\/avarmor.fr\/index.php?rest_route=%2Fwp%2Fv2%2Fcomments&post=299"}],"version-history":[{"count":3,"href":"https:\/\/avarmor.fr\/index.php?rest_route=\/wp\/v2\/posts\/299\/revisions"}],"predecessor-version":[{"id":302,"href":"https:\/\/avarmor.fr\/index.php?rest_route=\/wp\/v2\/posts\/299\/revisions\/302"}],"wp:attachment":[{"href":"https:\/\/avarmor.fr\/index.php?rest_route=%2Fwp%2Fv2%2Fmedia&parent=299"}],"wp:term":[{"taxonomy":"category","embeddable":true,"href":"https:\/\/avarmor.fr\/index.php?rest_route=%2Fwp%2Fv2%2Fcategories&post=299"},{"taxonomy":"post_tag","embeddable":true,"href":"https:\/\/avarmor.fr\/index.php?rest_route=%2Fwp%2Fv2%2Ftags&post=299"}],"curies":[{"name":"wp","href":"https:\/\/api.w.org\/{rel}","templated":true}]}}