{"id":270,"date":"2020-03-13T00:00:00","date_gmt":"2020-03-12T23:00:00","guid":{"rendered":"http:\/\/avarmor.fr\/?p=270"},"modified":"2020-03-12T17:48:38","modified_gmt":"2020-03-12T16:48:38","slug":"et-la-culture-mesdames-et-messieurs-candidat-e-s","status":"publish","type":"post","link":"https:\/\/avarmor.fr\/?p=270","title":{"rendered":"Et la culture, Mesdames et Messieurs candidat.e.s ?"},"content":{"rendered":"\n<p>La culture n\u2019est pas tr\u00e8s pr\u00e9sente dans les programmes des listes \u00e9lectorales municipales. Pourquoi ? \u00c7a ne semble \u00eatre un sujet tr\u00e8s porteur en voix ? \u00c7a n\u2019int\u00e9resse pas grand monde ? \u00c7a ne semble pas prioritaire par rapport aux r\u00e9els grands probl\u00e8mes actuels<!--more--> (pauvret\u00e9, sant\u00e9, retraite, emploi, migrations, discriminations, pollution, climat, \u00e9nergie, d\u00e9vitalisation urbaine, mondialisation, d\u00e9mocratie, dictatures, violence\u2026) ? La situation actuelle semble d\u00e9j\u00e0 pas trop mauvaise ? Or il est raisonnable de penser que la culture pourrait \u00eatre un axe de d\u00e9veloppement de premier ordre pour un territoire, favorisant son attractivit\u00e9 et par contrecoup son dynamisme, son moral, son mieux-vivre, son \u00e9conomie\u2026 <\/p>\n\n\n\n<p>Si j\u2019avais une influence sur l\u2019avenir culturel de Saint-Brieuc, voici ce que je ferais. <br>Je partirais des conclusions des <em>Ateliers de la Culture<\/em> men\u00e9s en 2016-2017, en \u00e9largissant ces perspectives au niveau de l\u2019Agglom\u00e9ration. Ces ateliers ont fait le point sur la situation actuelle de la culture \u00e0 Saint-Brieuc et d\u00e9termin\u00e9 ses probl\u00e9matiques, ses besoins, ses manques. <br> Une de ses pr\u00e9conisations a \u00e9t\u00e9 qu\u2019il faudrait prolonger l\u2019action de ces ateliers ponctuels par la mise en place d\u2019une plateforme permanente de la culture, qui serait une interface entre les acteurs culturels et l\u2019institution municipale. Office ? Comit\u00e9 ? Commission ? Conseil ? Atelier ? <br>Int\u00e9r\u00eat : fonctionnement associatif plus l\u00e9ger, possibilit\u00e9s de co-financements, adh\u00e9sion collaborative des acteurs culturels, plateforme permanente, regard critique, positif et n\u00e9gatif, sur l\u2019action culturelle briochine actuelle. A concevoir cet office au niveau municipal ou d\u2019Agglo ? <\/p>\n\n\n\n<p>Actions culturelles \u00e0 envisager : <\/p>\n\n\n\n<ul class=\"wp-block-list\"><li>Accompagnement des artistes<\/li><li>Soutien \u00e0 la cr\u00e9ation<\/li><li>Accompagnement des \u00e9v\u00e9nementiels et des projets<\/li><li>Subventionnement \/ Sponsoring \/ Synergie public-priv\u00e9 <\/li><li>Ev\u00e9nements \u00e0 cr\u00e9er ou recr\u00e9er (Banc Public, Compl\u00e8t\u2019Mandingue, Salon litt\u00e9raire, Festival de cin\u00e9ma, Festival de jazz, F\u00eate de l\u2019Histoire, Festival de Street Art, Festival Jeune Public, Solidarit\u00e9 internationale, Alfred Jarry, Expo Art contemporain, \u00e9v\u00e8nements photos\u2026)<\/li><li>Cr\u00e9ation et am\u00e9lioration d\u2019\u00e9quipements (Tiers-lieu, M\u00e9diath\u00e8que, Mus\u00e9e, Monoprix, Chapelle Lamennais, Oups, Ancienne gare Resto U, Rohannec\u2019h, Maison Louis Guilloux, Maison du Peuple, Passerelle, Bonjour Minuit, MJC Plateau, Caf\u00e9-spectacle, Galeries, Vall\u00e9e-mus\u00e9e de Gou\u00e9dic\u2026)<\/li><li>Articulation Culture \/ Nature \/ Social \/ Education \/ Patrimoine \/ Tourisme  <\/li><li>Acc\u00e8s \u00e0 la culture<\/li><li>EAC (Education Artistique et Culturelle) \/ Jeune public<\/li><li>Pass Culture<\/li><li>Patrimoine \/ Ville d\u2019Art et d\u2019Histoire \/ Centre d\u2019Interpr\u00e9tation du Patrimoine (CIP) \/ Aire de Valorisation de l\u2019Architecture et du Patrimoine (AVAP)<\/li><li>Culture scientifique \/ num\u00e9rique<\/li><li>Comp\u00e9tence Agglo <\/li><li> Capitale fran\u00e7aise de la culture 2024<br><em>Il y a quelques ann\u00e9es, j\u2019avais sugg\u00e9r\u00e9 que Saint-Brieuc puisse candidater \u00e0 \u00eatre Capitale Europ\u00e9enne de la Culture en 2028. Plus r\u00e9alistement maintenant je sugg\u00e8rerais que l\u2019on vise Capitale Fran\u00e7aise de la Culture en 2024, conjointement avec l\u2019ensemble du d\u00e9partement des C\u00f4tes d\u2019Armor. Lao Tseu et moi-m\u00eame pensons que \u00ab Le but c\u2019est le chemin \u00bb : par le fait m\u00eame qu\u2019on s\u2019estime suffisamment capables pour cette ambition, cela nous tirera vers le haut et contribuera d\u00e9j\u00e0 \u00e0 notre attractivit\u00e9.<\/em><\/li><\/ul>\n","protected":false},"excerpt":{"rendered":"<p>La culture n\u2019est pas tr\u00e8s pr\u00e9sente dans les programmes des listes \u00e9lectorales municipales. Pourquoi ? \u00c7a ne semble \u00eatre un sujet tr\u00e8s porteur en voix ? \u00c7a n\u2019int\u00e9resse pas grand monde ? \u00c7a ne semble pas prioritaire par rapport aux r\u00e9els grands probl\u00e8mes actuels<\/p>\n","protected":false},"author":1,"featured_media":0,"comment_status":"open","ping_status":"closed","sticky":false,"template":"","format":"standard","meta":{"footnotes":""},"categories":[8],"tags":[],"class_list":["post-270","post","type-post","status-publish","format-standard","hentry","category-reflexions"],"_links":{"self":[{"href":"https:\/\/avarmor.fr\/index.php?rest_route=\/wp\/v2\/posts\/270","targetHints":{"allow":["GET"]}}],"collection":[{"href":"https:\/\/avarmor.fr\/index.php?rest_route=\/wp\/v2\/posts"}],"about":[{"href":"https:\/\/avarmor.fr\/index.php?rest_route=\/wp\/v2\/types\/post"}],"author":[{"embeddable":true,"href":"https:\/\/avarmor.fr\/index.php?rest_route=\/wp\/v2\/users\/1"}],"replies":[{"embeddable":true,"href":"https:\/\/avarmor.fr\/index.php?rest_route=%2Fwp%2Fv2%2Fcomments&post=270"}],"version-history":[{"count":2,"href":"https:\/\/avarmor.fr\/index.php?rest_route=\/wp\/v2\/posts\/270\/revisions"}],"predecessor-version":[{"id":272,"href":"https:\/\/avarmor.fr\/index.php?rest_route=\/wp\/v2\/posts\/270\/revisions\/272"}],"wp:attachment":[{"href":"https:\/\/avarmor.fr\/index.php?rest_route=%2Fwp%2Fv2%2Fmedia&parent=270"}],"wp:term":[{"taxonomy":"category","embeddable":true,"href":"https:\/\/avarmor.fr\/index.php?rest_route=%2Fwp%2Fv2%2Fcategories&post=270"},{"taxonomy":"post_tag","embeddable":true,"href":"https:\/\/avarmor.fr\/index.php?rest_route=%2Fwp%2Fv2%2Ftags&post=270"}],"curies":[{"name":"wp","href":"https:\/\/api.w.org\/{rel}","templated":true}]}}